{"id":953,"date":"2024-09-17T15:09:31","date_gmt":"2024-09-17T13:09:31","guid":{"rendered":"https:\/\/sambach.art\/entrevista-a-pol-onate-pianista-y-antiguo-becado-por-la-fundacion-sifu\/"},"modified":"2024-10-18T14:27:09","modified_gmt":"2024-10-18T12:27:09","slug":"entrevista-a-pol-onate-pianista-y-antiguo-becado-por-la-fundacion-sifu","status":"publish","type":"post","link":"https:\/\/sambach.art\/ca\/entrevista-a-pol-onate-pianista-y-antiguo-becado-por-la-fundacion-sifu\/","title":{"rendered":"Entrevista a Pol O\u00f1ate, pianista y antiguo becado por la Fundaci\u00f3n SIFU"},"content":{"rendered":"\n<h2 class=\"wp-block-heading\">&#8220;Me pregunto qu\u00e9 pasar\u00eda si nos carg\u00e1ramos la palabra discapacidad&#8221;<\/h2>\n\n<div style=\"height:0px\" aria-hidden=\"true\" class=\"wp-block-spacer\"><\/div>\n\n<div style=\"height:50px\" aria-hidden=\"true\" class=\"wp-block-spacer\"><\/div>\n\n<p>Una sociedad realmente inclusiva es aquella que se esfuerza para que no existan obst\u00e1culos que impidan a ninguno de sus miembros gozar de una verdadera igualdad de oportunidades. As\u00ed lo entienden tambi\u00e9n en la <strong>Fundaci\u00f3n SIFU<\/strong>, que el pasado 20 de diciembre celebr\u00f3 en <strong>CaixaForum Madrid<\/strong> el evento \u2018Tecnolog\u00eda para la inclusi\u00f3n\u2019. Una jornada dedicada a mostrar las puertas que la tecnolog\u00eda puede abrir a nivel art\u00edstico a las personas con diversidad funcional.  <br\/> <br\/>Para ello resulta imprescindible la adecuaci\u00f3n tanto de los instrumentos musicales como de las escuelas de m\u00fasica y de los espacios art\u00edsticos en general. Durante el evento se presentaron tres instrumentos musicales fruto del desarrollo tecnol\u00f3gico como son<strong> el <\/strong>EyeHarp, que permite interpretar m\u00fasica con la mirada; el Travel Sax, un saxof\u00f3n que se puede tocar con una sola mano, sin hacer mucha presi\u00f3n sobre las teclas o aunque se tenga una baja capacidad pulmonar y el Oxi One, un secuenciador musical con herramientas intuitivas para la composici\u00f3n y con botones accesibles. <br\/> <br\/>Tambi\u00e9n intervinieron en \u2018<strong>Tecnolog\u00eda para la inclusi\u00f3n\u2019 m\u00fasicos como el pianista Pol O\u00f1ate,<\/strong> becado en su d\u00eda por la Fundaci\u00f3n SIFU, y que habl\u00f3 de las dificultades a\u00f1adidas que a d\u00eda de hoy, bien entrado ya el siglo XXI, tienen que afrontar todav\u00eda las personas con diversidad funcional. Situaci\u00f3n con la que tiene que lidiar de manera cotidiana por su circunstancia de persona invidente. As\u00ed nos lo cuenta el propio O\u00f1ate en la siguiente entrevista.  <\/p>\n\n<div style=\"height:50px\" aria-hidden=\"true\" class=\"wp-block-spacer\"><\/div>\n\n<div class=\"wp-block-buttons is-layout-flex wp-block-buttons-is-layout-flex\">\n<div class=\"wp-block-button\"><a class=\"wp-block-button__link wp-element-button\" href=\"https:\/\/www.corresponsables.com\/entrevistas\/pol-onate-gruposifu-pregunto-que-pasaria-si-nos-cargaramos-la-palabra-discapacidad\/\">Escucha la entrevista en corresponsables.com<\/a><\/div>\n<\/div>\n\n<p><\/p>\n","protected":false},"excerpt":{"rendered":"<p>&#8220;Me pregunto qu\u00e9 pasar\u00eda si nos carg\u00e1ramos la palabra discapacidad&#8221; Una sociedad realmente inclusiva es aquella que se esfuerza para que no existan obst\u00e1culos que impidan a ninguno de sus miembros gozar de una verdadera igualdad de oportunidades. As\u00ed lo entienden tambi\u00e9n en la Fundaci\u00f3n SIFU, que el pasado 20 de diciembre celebr\u00f3 en CaixaForum [&hellip;]<\/p>\n","protected":false},"author":1,"featured_media":939,"comment_status":"closed","ping_status":"open","sticky":false,"template":"","format":"standard","meta":{"footnotes":""},"categories":[27,28],"tags":[29],"class_list":["post-953","post","type-post","status-publish","format-standard","has-post-thumbnail","hentry","category-entrevista-ca","category-premsa","tag-entrevista-ca"],"yoast_head":"<!-- This site is optimized with the Yoast SEO plugin v25.9 - https:\/\/yoast.com\/wordpress\/plugins\/seo\/ -->\n<title>Entrevista a Pol O\u00f1ate, pianista y antiguo becado por la Fundaci\u00f3n SIFU - Sambach<\/title>\n<meta name=\"description\" content=\"Entrevista a Pol O\u00f1ate, pianista y antiguo becado por la Fundaci\u00f3n SIFU. Sambach - Generamos espect\u00e1culos interdisciplinarios.\" \/>\n<meta name=\"robots\" content=\"index, follow, max-snippet:-1, max-image-preview:large, max-video-preview:-1\" \/>\n<link rel=\"canonical\" href=\"https:\/\/sambach.art\/ca\/entrevista-a-pol-onate-pianista-y-antiguo-becado-por-la-fundacion-sifu\/\" \/>\n<meta property=\"og:locale\" content=\"ca_ES\" \/>\n<meta property=\"og:type\" content=\"article\" \/>\n<meta property=\"og:title\" content=\"Entrevista a Pol O\u00f1ate, pianista y antiguo becado por la Fundaci\u00f3n SIFU - Sambach\" \/>\n<meta property=\"og:description\" content=\"Entrevista a Pol O\u00f1ate, pianista y antiguo becado por la Fundaci\u00f3n SIFU. Sambach - Generamos espect\u00e1culos interdisciplinarios.\" \/>\n<meta property=\"og:url\" content=\"https:\/\/sambach.art\/ca\/entrevista-a-pol-onate-pianista-y-antiguo-becado-por-la-fundacion-sifu\/\" \/>\n<meta property=\"og:site_name\" content=\"Sambach\" \/>\n<meta property=\"article:publisher\" content=\"https:\/\/www.facebook.com\/sambachritual\/?locale=es_ES\" \/>\n<meta property=\"article:published_time\" content=\"2024-09-17T13:09:31+00:00\" \/>\n<meta property=\"article:modified_time\" content=\"2024-10-18T12:27:09+00:00\" \/>\n<meta property=\"og:image\" content=\"https:\/\/sambach.art\/wp-content\/uploads\/2024\/09\/sambach_compania-espectaculos-conciertos_musica-fusion-folclore-brasileno-bach_barcelona-espana_prensa-3.jpg\" \/>\n\t<meta property=\"og:image:width\" content=\"1511\" \/>\n\t<meta property=\"og:image:height\" content=\"840\" \/>\n\t<meta property=\"og:image:type\" content=\"image\/jpeg\" \/>\n<meta name=\"author\" content=\"admin\" \/>\n<meta name=\"twitter:card\" content=\"summary_large_image\" \/>\n<meta name=\"twitter:label1\" content=\"Escrit per\" \/>\n\t<meta name=\"twitter:data1\" content=\"admin\" \/>\n\t<meta name=\"twitter:label2\" content=\"Temps estimat de lectura\" \/>\n\t<meta name=\"twitter:data2\" content=\"1 minut\" \/>\n<script type=\"application\/ld+json\" class=\"yoast-schema-graph\">{\"@context\":\"https:\/\/schema.org\",\"@graph\":[{\"@type\":\"Article\",\"@id\":\"https:\/\/sambach.art\/ca\/entrevista-a-pol-onate-pianista-y-antiguo-becado-por-la-fundacion-sifu\/#article\",\"isPartOf\":{\"@id\":\"https:\/\/sambach.art\/ca\/entrevista-a-pol-onate-pianista-y-antiguo-becado-por-la-fundacion-sifu\/\"},\"author\":{\"name\":\"admin\",\"@id\":\"https:\/\/sambach.art\/#\/schema\/person\/e5321c1bde61668a43278d6856043546\"},\"headline\":\"Entrevista a Pol O\u00f1ate, pianista y antiguo becado por la Fundaci\u00f3n SIFU\",\"datePublished\":\"2024-09-17T13:09:31+00:00\",\"dateModified\":\"2024-10-18T12:27:09+00:00\",\"mainEntityOfPage\":{\"@id\":\"https:\/\/sambach.art\/ca\/entrevista-a-pol-onate-pianista-y-antiguo-becado-por-la-fundacion-sifu\/\"},\"wordCount\":298,\"publisher\":{\"@id\":\"https:\/\/sambach.art\/#organization\"},\"image\":{\"@id\":\"https:\/\/sambach.art\/ca\/entrevista-a-pol-onate-pianista-y-antiguo-becado-por-la-fundacion-sifu\/#primaryimage\"},\"thumbnailUrl\":\"https:\/\/sambach.art\/wp-content\/uploads\/2024\/09\/sambach_compania-espectaculos-conciertos_musica-fusion-folclore-brasileno-bach_barcelona-espana_prensa-3.jpg\",\"keywords\":[\"Entrevista\"],\"articleSection\":[\"Entrevista\",\"Premsa\"],\"inLanguage\":\"ca\"},{\"@type\":\"WebPage\",\"@id\":\"https:\/\/sambach.art\/ca\/entrevista-a-pol-onate-pianista-y-antiguo-becado-por-la-fundacion-sifu\/\",\"url\":\"https:\/\/sambach.art\/ca\/entrevista-a-pol-onate-pianista-y-antiguo-becado-por-la-fundacion-sifu\/\",\"name\":\"Entrevista a Pol O\u00f1ate, pianista y antiguo becado por la Fundaci\u00f3n SIFU - Sambach\",\"isPartOf\":{\"@id\":\"https:\/\/sambach.art\/#website\"},\"primaryImageOfPage\":{\"@id\":\"https:\/\/sambach.art\/ca\/entrevista-a-pol-onate-pianista-y-antiguo-becado-por-la-fundacion-sifu\/#primaryimage\"},\"image\":{\"@id\":\"https:\/\/sambach.art\/ca\/entrevista-a-pol-onate-pianista-y-antiguo-becado-por-la-fundacion-sifu\/#primaryimage\"},\"thumbnailUrl\":\"https:\/\/sambach.art\/wp-content\/uploads\/2024\/09\/sambach_compania-espectaculos-conciertos_musica-fusion-folclore-brasileno-bach_barcelona-espana_prensa-3.jpg\",\"datePublished\":\"2024-09-17T13:09:31+00:00\",\"dateModified\":\"2024-10-18T12:27:09+00:00\",\"description\":\"Entrevista a Pol O\u00f1ate, pianista y antiguo becado por la Fundaci\u00f3n SIFU. Sambach - Generamos espect\u00e1culos interdisciplinarios.\",\"breadcrumb\":{\"@id\":\"https:\/\/sambach.art\/ca\/entrevista-a-pol-onate-pianista-y-antiguo-becado-por-la-fundacion-sifu\/#breadcrumb\"},\"inLanguage\":\"ca\",\"potentialAction\":[{\"@type\":\"ReadAction\",\"target\":[\"https:\/\/sambach.art\/ca\/entrevista-a-pol-onate-pianista-y-antiguo-becado-por-la-fundacion-sifu\/\"]}]},{\"@type\":\"ImageObject\",\"inLanguage\":\"ca\",\"@id\":\"https:\/\/sambach.art\/ca\/entrevista-a-pol-onate-pianista-y-antiguo-becado-por-la-fundacion-sifu\/#primaryimage\",\"url\":\"https:\/\/sambach.art\/wp-content\/uploads\/2024\/09\/sambach_compania-espectaculos-conciertos_musica-fusion-folclore-brasileno-bach_barcelona-espana_prensa-3.jpg\",\"contentUrl\":\"https:\/\/sambach.art\/wp-content\/uploads\/2024\/09\/sambach_compania-espectaculos-conciertos_musica-fusion-folclore-brasileno-bach_barcelona-espana_prensa-3.jpg\",\"width\":1511,\"height\":840,\"caption\":\"Captura de imagen de una entrevista a Pol.\"},{\"@type\":\"BreadcrumbList\",\"@id\":\"https:\/\/sambach.art\/ca\/entrevista-a-pol-onate-pianista-y-antiguo-becado-por-la-fundacion-sifu\/#breadcrumb\",\"itemListElement\":[{\"@type\":\"ListItem\",\"position\":1,\"name\":\"Portada\",\"item\":\"https:\/\/sambach.art\/\"},{\"@type\":\"ListItem\",\"position\":2,\"name\":\"Entrevista a Pol O\u00f1ate, pianista y antiguo becado por la Fundaci\u00f3n SIFU\"}]},{\"@type\":\"WebSite\",\"@id\":\"https:\/\/sambach.art\/#website\",\"url\":\"https:\/\/sambach.art\/\",\"name\":\"Sambach\",\"description\":\"Generamos espect\u00e1culos multisensoriales fusionando el folclore brasilero y Bach\",\"publisher\":{\"@id\":\"https:\/\/sambach.art\/#organization\"},\"potentialAction\":[{\"@type\":\"SearchAction\",\"target\":{\"@type\":\"EntryPoint\",\"urlTemplate\":\"https:\/\/sambach.art\/?s={search_term_string}\"},\"query-input\":{\"@type\":\"PropertyValueSpecification\",\"valueRequired\":true,\"valueName\":\"search_term_string\"}}],\"inLanguage\":\"ca\"},{\"@type\":\"Organization\",\"@id\":\"https:\/\/sambach.art\/#organization\",\"name\":\"Sambach\",\"url\":\"https:\/\/sambach.art\/\",\"logo\":{\"@type\":\"ImageObject\",\"inLanguage\":\"ca\",\"@id\":\"https:\/\/sambach.art\/#\/schema\/logo\/image\/\",\"url\":\"https:\/\/sambach.art\/wp-content\/uploads\/2024\/08\/sambach_compania-espectaculos-conciertos_musica-fusion-folclore-brasileno-bach_barcelona-espana_logo.png\",\"contentUrl\":\"https:\/\/sambach.art\/wp-content\/uploads\/2024\/08\/sambach_compania-espectaculos-conciertos_musica-fusion-folclore-brasileno-bach_barcelona-espana_logo.png\",\"width\":1080,\"height\":1080,\"caption\":\"Sambach\"},\"image\":{\"@id\":\"https:\/\/sambach.art\/#\/schema\/logo\/image\/\"},\"sameAs\":[\"https:\/\/www.facebook.com\/sambachritual\/?locale=es_ES\"]},{\"@type\":\"Person\",\"@id\":\"https:\/\/sambach.art\/#\/schema\/person\/e5321c1bde61668a43278d6856043546\",\"name\":\"admin\",\"image\":{\"@type\":\"ImageObject\",\"inLanguage\":\"ca\",\"@id\":\"https:\/\/sambach.art\/#\/schema\/person\/image\/\",\"url\":\"https:\/\/secure.gravatar.com\/avatar\/f2caef675eef5b673cdf66e64cb161fad4f2788eca500329a063634c8e3de4be?s=96&d=mm&r=g\",\"contentUrl\":\"https:\/\/secure.gravatar.com\/avatar\/f2caef675eef5b673cdf66e64cb161fad4f2788eca500329a063634c8e3de4be?s=96&d=mm&r=g\",\"caption\":\"admin\"},\"sameAs\":[\"https:\/\/sambach.art\"],\"url\":\"https:\/\/sambach.art\/ca\/author\/admin_sambach\/\"}]}<\/script>\n<!-- \/ Yoast SEO plugin. -->","yoast_head_json":{"title":"Entrevista a Pol O\u00f1ate, pianista y antiguo becado por la Fundaci\u00f3n SIFU - Sambach","description":"Entrevista a Pol O\u00f1ate, pianista y antiguo becado por la Fundaci\u00f3n SIFU. Sambach - Generamos espect\u00e1culos interdisciplinarios.","robots":{"index":"index","follow":"follow","max-snippet":"max-snippet:-1","max-image-preview":"max-image-preview:large","max-video-preview":"max-video-preview:-1"},"canonical":"https:\/\/sambach.art\/ca\/entrevista-a-pol-onate-pianista-y-antiguo-becado-por-la-fundacion-sifu\/","og_locale":"ca_ES","og_type":"article","og_title":"Entrevista a Pol O\u00f1ate, pianista y antiguo becado por la Fundaci\u00f3n SIFU - Sambach","og_description":"Entrevista a Pol O\u00f1ate, pianista y antiguo becado por la Fundaci\u00f3n SIFU. Sambach - Generamos espect\u00e1culos interdisciplinarios.","og_url":"https:\/\/sambach.art\/ca\/entrevista-a-pol-onate-pianista-y-antiguo-becado-por-la-fundacion-sifu\/","og_site_name":"Sambach","article_publisher":"https:\/\/www.facebook.com\/sambachritual\/?locale=es_ES","article_published_time":"2024-09-17T13:09:31+00:00","article_modified_time":"2024-10-18T12:27:09+00:00","og_image":[{"width":1511,"height":840,"url":"https:\/\/sambach.art\/wp-content\/uploads\/2024\/09\/sambach_compania-espectaculos-conciertos_musica-fusion-folclore-brasileno-bach_barcelona-espana_prensa-3.jpg","type":"image\/jpeg"}],"author":"admin","twitter_card":"summary_large_image","twitter_misc":{"Escrit per":"admin","Temps estimat de lectura":"1 minut"},"schema":{"@context":"https:\/\/schema.org","@graph":[{"@type":"Article","@id":"https:\/\/sambach.art\/ca\/entrevista-a-pol-onate-pianista-y-antiguo-becado-por-la-fundacion-sifu\/#article","isPartOf":{"@id":"https:\/\/sambach.art\/ca\/entrevista-a-pol-onate-pianista-y-antiguo-becado-por-la-fundacion-sifu\/"},"author":{"name":"admin","@id":"https:\/\/sambach.art\/#\/schema\/person\/e5321c1bde61668a43278d6856043546"},"headline":"Entrevista a Pol O\u00f1ate, pianista y antiguo becado por la Fundaci\u00f3n SIFU","datePublished":"2024-09-17T13:09:31+00:00","dateModified":"2024-10-18T12:27:09+00:00","mainEntityOfPage":{"@id":"https:\/\/sambach.art\/ca\/entrevista-a-pol-onate-pianista-y-antiguo-becado-por-la-fundacion-sifu\/"},"wordCount":298,"publisher":{"@id":"https:\/\/sambach.art\/#organization"},"image":{"@id":"https:\/\/sambach.art\/ca\/entrevista-a-pol-onate-pianista-y-antiguo-becado-por-la-fundacion-sifu\/#primaryimage"},"thumbnailUrl":"https:\/\/sambach.art\/wp-content\/uploads\/2024\/09\/sambach_compania-espectaculos-conciertos_musica-fusion-folclore-brasileno-bach_barcelona-espana_prensa-3.jpg","keywords":["Entrevista"],"articleSection":["Entrevista","Premsa"],"inLanguage":"ca"},{"@type":"WebPage","@id":"https:\/\/sambach.art\/ca\/entrevista-a-pol-onate-pianista-y-antiguo-becado-por-la-fundacion-sifu\/","url":"https:\/\/sambach.art\/ca\/entrevista-a-pol-onate-pianista-y-antiguo-becado-por-la-fundacion-sifu\/","name":"Entrevista a Pol O\u00f1ate, pianista y antiguo becado por la Fundaci\u00f3n SIFU - Sambach","isPartOf":{"@id":"https:\/\/sambach.art\/#website"},"primaryImageOfPage":{"@id":"https:\/\/sambach.art\/ca\/entrevista-a-pol-onate-pianista-y-antiguo-becado-por-la-fundacion-sifu\/#primaryimage"},"image":{"@id":"https:\/\/sambach.art\/ca\/entrevista-a-pol-onate-pianista-y-antiguo-becado-por-la-fundacion-sifu\/#primaryimage"},"thumbnailUrl":"https:\/\/sambach.art\/wp-content\/uploads\/2024\/09\/sambach_compania-espectaculos-conciertos_musica-fusion-folclore-brasileno-bach_barcelona-espana_prensa-3.jpg","datePublished":"2024-09-17T13:09:31+00:00","dateModified":"2024-10-18T12:27:09+00:00","description":"Entrevista a Pol O\u00f1ate, pianista y antiguo becado por la Fundaci\u00f3n SIFU. Sambach - Generamos espect\u00e1culos interdisciplinarios.","breadcrumb":{"@id":"https:\/\/sambach.art\/ca\/entrevista-a-pol-onate-pianista-y-antiguo-becado-por-la-fundacion-sifu\/#breadcrumb"},"inLanguage":"ca","potentialAction":[{"@type":"ReadAction","target":["https:\/\/sambach.art\/ca\/entrevista-a-pol-onate-pianista-y-antiguo-becado-por-la-fundacion-sifu\/"]}]},{"@type":"ImageObject","inLanguage":"ca","@id":"https:\/\/sambach.art\/ca\/entrevista-a-pol-onate-pianista-y-antiguo-becado-por-la-fundacion-sifu\/#primaryimage","url":"https:\/\/sambach.art\/wp-content\/uploads\/2024\/09\/sambach_compania-espectaculos-conciertos_musica-fusion-folclore-brasileno-bach_barcelona-espana_prensa-3.jpg","contentUrl":"https:\/\/sambach.art\/wp-content\/uploads\/2024\/09\/sambach_compania-espectaculos-conciertos_musica-fusion-folclore-brasileno-bach_barcelona-espana_prensa-3.jpg","width":1511,"height":840,"caption":"Captura de imagen de una entrevista a Pol."},{"@type":"BreadcrumbList","@id":"https:\/\/sambach.art\/ca\/entrevista-a-pol-onate-pianista-y-antiguo-becado-por-la-fundacion-sifu\/#breadcrumb","itemListElement":[{"@type":"ListItem","position":1,"name":"Portada","item":"https:\/\/sambach.art\/"},{"@type":"ListItem","position":2,"name":"Entrevista a Pol O\u00f1ate, pianista y antiguo becado por la Fundaci\u00f3n SIFU"}]},{"@type":"WebSite","@id":"https:\/\/sambach.art\/#website","url":"https:\/\/sambach.art\/","name":"Sambach","description":"Generamos espect\u00e1culos multisensoriales fusionando el folclore brasilero y Bach","publisher":{"@id":"https:\/\/sambach.art\/#organization"},"potentialAction":[{"@type":"SearchAction","target":{"@type":"EntryPoint","urlTemplate":"https:\/\/sambach.art\/?s={search_term_string}"},"query-input":{"@type":"PropertyValueSpecification","valueRequired":true,"valueName":"search_term_string"}}],"inLanguage":"ca"},{"@type":"Organization","@id":"https:\/\/sambach.art\/#organization","name":"Sambach","url":"https:\/\/sambach.art\/","logo":{"@type":"ImageObject","inLanguage":"ca","@id":"https:\/\/sambach.art\/#\/schema\/logo\/image\/","url":"https:\/\/sambach.art\/wp-content\/uploads\/2024\/08\/sambach_compania-espectaculos-conciertos_musica-fusion-folclore-brasileno-bach_barcelona-espana_logo.png","contentUrl":"https:\/\/sambach.art\/wp-content\/uploads\/2024\/08\/sambach_compania-espectaculos-conciertos_musica-fusion-folclore-brasileno-bach_barcelona-espana_logo.png","width":1080,"height":1080,"caption":"Sambach"},"image":{"@id":"https:\/\/sambach.art\/#\/schema\/logo\/image\/"},"sameAs":["https:\/\/www.facebook.com\/sambachritual\/?locale=es_ES"]},{"@type":"Person","@id":"https:\/\/sambach.art\/#\/schema\/person\/e5321c1bde61668a43278d6856043546","name":"admin","image":{"@type":"ImageObject","inLanguage":"ca","@id":"https:\/\/sambach.art\/#\/schema\/person\/image\/","url":"https:\/\/secure.gravatar.com\/avatar\/f2caef675eef5b673cdf66e64cb161fad4f2788eca500329a063634c8e3de4be?s=96&d=mm&r=g","contentUrl":"https:\/\/secure.gravatar.com\/avatar\/f2caef675eef5b673cdf66e64cb161fad4f2788eca500329a063634c8e3de4be?s=96&d=mm&r=g","caption":"admin"},"sameAs":["https:\/\/sambach.art"],"url":"https:\/\/sambach.art\/ca\/author\/admin_sambach\/"}]}},"_links":{"self":[{"href":"https:\/\/sambach.art\/ca\/wp-json\/wp\/v2\/posts\/953","targetHints":{"allow":["GET"]}}],"collection":[{"href":"https:\/\/sambach.art\/ca\/wp-json\/wp\/v2\/posts"}],"about":[{"href":"https:\/\/sambach.art\/ca\/wp-json\/wp\/v2\/types\/post"}],"author":[{"embeddable":true,"href":"https:\/\/sambach.art\/ca\/wp-json\/wp\/v2\/users\/1"}],"replies":[{"embeddable":true,"href":"https:\/\/sambach.art\/ca\/wp-json\/wp\/v2\/comments?post=953"}],"version-history":[{"count":1,"href":"https:\/\/sambach.art\/ca\/wp-json\/wp\/v2\/posts\/953\/revisions"}],"predecessor-version":[{"id":954,"href":"https:\/\/sambach.art\/ca\/wp-json\/wp\/v2\/posts\/953\/revisions\/954"}],"wp:featuredmedia":[{"embeddable":true,"href":"https:\/\/sambach.art\/ca\/wp-json\/wp\/v2\/media\/939"}],"wp:attachment":[{"href":"https:\/\/sambach.art\/ca\/wp-json\/wp\/v2\/media?parent=953"}],"wp:term":[{"taxonomy":"category","embeddable":true,"href":"https:\/\/sambach.art\/ca\/wp-json\/wp\/v2\/categories?post=953"},{"taxonomy":"post_tag","embeddable":true,"href":"https:\/\/sambach.art\/ca\/wp-json\/wp\/v2\/tags?post=953"}],"curies":[{"name":"wp","href":"https:\/\/api.w.org\/{rel}","templated":true}]}}