{"id":860,"date":"2024-10-04T02:42:51","date_gmt":"2024-10-04T02:42:51","guid":{"rendered":"https:\/\/sambach.art\/entrevista-a-pol-onate-en-armonia-de-turing-episodio-3-lo-que-la-ia-nos-da-lo-que-la-ia-nos-quita\/"},"modified":"2024-10-18T09:06:44","modified_gmt":"2024-10-18T09:06:44","slug":"entrevista-a-pol-onate-en-armonia-de-turing-episodio-3-lo-que-la-ia-nos-da-lo-que-la-ia-nos-quita","status":"publish","type":"post","link":"https:\/\/sambach.art\/en\/entrevista-a-pol-onate-en-armonia-de-turing-episodio-3-lo-que-la-ia-nos-da-lo-que-la-ia-nos-quita\/","title":{"rendered":"Entrevista a Pol O\u00f1ate en ArmonIA de Turing &#8211; Episodio 3. Lo que la IA nos da, lo que la IA nos quita."},"content":{"rendered":"\n<figure class=\"wp-block-embed is-type-video is-provider-youtube wp-block-embed-youtube wp-embed-aspect-16-9 wp-has-aspect-ratio\"><div class=\"wp-block-embed__wrapper\">\n<iframe title=\"ArmonIA de Turing - Episodio 3. Lo que la IA nos da, lo que la IA nos quita.\" width=\"800\" height=\"450\" src=\"https:\/\/www.youtube.com\/embed\/MMT6zZgrU5k?feature=oembed\" frameborder=\"0\" allow=\"accelerometer; autoplay; clipboard-write; encrypted-media; gyroscope; picture-in-picture; web-share\" referrerpolicy=\"strict-origin-when-cross-origin\" allowfullscreen><\/iframe>\n<\/div><\/figure>\n","protected":false},"excerpt":{"rendered":"","protected":false},"author":1,"featured_media":594,"comment_status":"open","ping_status":"open","sticky":false,"template":"","format":"standard","meta":{"footnotes":""},"categories":[20],"tags":[],"class_list":["post-860","post","type-post","status-publish","format-standard","has-post-thumbnail","hentry","category-entrevista-en"],"yoast_head":"<!-- This site is optimized with the Yoast SEO plugin v25.9 - https:\/\/yoast.com\/wordpress\/plugins\/seo\/ -->\n<title>Entrevista a Pol O\u00f1ate en ArmonIA de Turing<\/title>\n<meta name=\"description\" content=\"Entrevista a Pol O\u00f1ate en ArmonIA de Turing: Lo que la IA nos da, lo que la IA nos quita. Sambach - Generamos espect\u00e1culos interdisciplinarios\" \/>\n<meta name=\"robots\" content=\"index, follow, max-snippet:-1, max-image-preview:large, max-video-preview:-1\" \/>\n<link rel=\"canonical\" href=\"https:\/\/sambach.art\/en\/entrevista-a-pol-onate-en-armonia-de-turing-episodio-3-lo-que-la-ia-nos-da-lo-que-la-ia-nos-quita\/\" \/>\n<meta property=\"og:locale\" content=\"en_US\" \/>\n<meta property=\"og:type\" content=\"article\" \/>\n<meta property=\"og:title\" content=\"Entrevista a Pol O\u00f1ate en ArmonIA de Turing\" \/>\n<meta property=\"og:description\" content=\"Entrevista a Pol O\u00f1ate en ArmonIA de Turing: Lo que la IA nos da, lo que la IA nos quita. Sambach - Generamos espect\u00e1culos interdisciplinarios\" \/>\n<meta property=\"og:url\" content=\"https:\/\/sambach.art\/en\/entrevista-a-pol-onate-en-armonia-de-turing-episodio-3-lo-que-la-ia-nos-da-lo-que-la-ia-nos-quita\/\" \/>\n<meta property=\"og:site_name\" content=\"Sambach\" \/>\n<meta property=\"article:publisher\" content=\"https:\/\/www.facebook.com\/sambachritual\/?locale=es_ES\" \/>\n<meta property=\"article:published_time\" content=\"2024-10-04T02:42:51+00:00\" \/>\n<meta property=\"article:modified_time\" content=\"2024-10-18T09:06:44+00:00\" \/>\n<meta property=\"og:image\" content=\"https:\/\/sambach.art\/wp-content\/uploads\/2024\/10\/sambach_compania-espectaculos-conciertos_musica-fusion-folclore-brasileno-bach_barcelona-espana_prensa_armonia-de-turing.png\" \/>\n\t<meta property=\"og:image:width\" content=\"2868\" \/>\n\t<meta property=\"og:image:height\" content=\"1562\" \/>\n\t<meta property=\"og:image:type\" content=\"image\/png\" \/>\n<meta name=\"author\" content=\"admin\" \/>\n<meta name=\"twitter:card\" content=\"summary_large_image\" \/>\n<meta name=\"twitter:label1\" content=\"Written by\" \/>\n\t<meta name=\"twitter:data1\" content=\"admin\" \/>\n<script type=\"application\/ld+json\" class=\"yoast-schema-graph\">{\"@context\":\"https:\/\/schema.org\",\"@graph\":[{\"@type\":\"Article\",\"@id\":\"https:\/\/sambach.art\/en\/entrevista-a-pol-onate-en-armonia-de-turing-episodio-3-lo-que-la-ia-nos-da-lo-que-la-ia-nos-quita\/#article\",\"isPartOf\":{\"@id\":\"https:\/\/sambach.art\/en\/entrevista-a-pol-onate-en-armonia-de-turing-episodio-3-lo-que-la-ia-nos-da-lo-que-la-ia-nos-quita\/\"},\"author\":{\"name\":\"admin\",\"@id\":\"https:\/\/sambach.art\/#\/schema\/person\/e5321c1bde61668a43278d6856043546\"},\"headline\":\"Entrevista a Pol O\u00f1ate en ArmonIA de Turing &#8211; Episodio 3. Lo que la IA nos da, lo que la IA nos quita.\",\"datePublished\":\"2024-10-04T02:42:51+00:00\",\"dateModified\":\"2024-10-18T09:06:44+00:00\",\"mainEntityOfPage\":{\"@id\":\"https:\/\/sambach.art\/en\/entrevista-a-pol-onate-en-armonia-de-turing-episodio-3-lo-que-la-ia-nos-da-lo-que-la-ia-nos-quita\/\"},\"wordCount\":32,\"commentCount\":0,\"publisher\":{\"@id\":\"https:\/\/sambach.art\/#organization\"},\"image\":{\"@id\":\"https:\/\/sambach.art\/en\/entrevista-a-pol-onate-en-armonia-de-turing-episodio-3-lo-que-la-ia-nos-da-lo-que-la-ia-nos-quita\/#primaryimage\"},\"thumbnailUrl\":\"https:\/\/sambach.art\/wp-content\/uploads\/2024\/10\/sambach_compania-espectaculos-conciertos_musica-fusion-folclore-brasileno-bach_barcelona-espana_prensa_armonia-de-turing.png\",\"articleSection\":[\"Entrevista\"],\"inLanguage\":\"en-US\",\"potentialAction\":[{\"@type\":\"CommentAction\",\"name\":\"Comment\",\"target\":[\"https:\/\/sambach.art\/en\/entrevista-a-pol-onate-en-armonia-de-turing-episodio-3-lo-que-la-ia-nos-da-lo-que-la-ia-nos-quita\/#respond\"]}]},{\"@type\":\"WebPage\",\"@id\":\"https:\/\/sambach.art\/en\/entrevista-a-pol-onate-en-armonia-de-turing-episodio-3-lo-que-la-ia-nos-da-lo-que-la-ia-nos-quita\/\",\"url\":\"https:\/\/sambach.art\/en\/entrevista-a-pol-onate-en-armonia-de-turing-episodio-3-lo-que-la-ia-nos-da-lo-que-la-ia-nos-quita\/\",\"name\":\"Entrevista a Pol O\u00f1ate en ArmonIA de Turing\",\"isPartOf\":{\"@id\":\"https:\/\/sambach.art\/#website\"},\"primaryImageOfPage\":{\"@id\":\"https:\/\/sambach.art\/en\/entrevista-a-pol-onate-en-armonia-de-turing-episodio-3-lo-que-la-ia-nos-da-lo-que-la-ia-nos-quita\/#primaryimage\"},\"image\":{\"@id\":\"https:\/\/sambach.art\/en\/entrevista-a-pol-onate-en-armonia-de-turing-episodio-3-lo-que-la-ia-nos-da-lo-que-la-ia-nos-quita\/#primaryimage\"},\"thumbnailUrl\":\"https:\/\/sambach.art\/wp-content\/uploads\/2024\/10\/sambach_compania-espectaculos-conciertos_musica-fusion-folclore-brasileno-bach_barcelona-espana_prensa_armonia-de-turing.png\",\"datePublished\":\"2024-10-04T02:42:51+00:00\",\"dateModified\":\"2024-10-18T09:06:44+00:00\",\"description\":\"Entrevista a Pol O\u00f1ate en ArmonIA de Turing: Lo que la IA nos da, lo que la IA nos quita. Sambach - Generamos espect\u00e1culos interdisciplinarios\",\"breadcrumb\":{\"@id\":\"https:\/\/sambach.art\/en\/entrevista-a-pol-onate-en-armonia-de-turing-episodio-3-lo-que-la-ia-nos-da-lo-que-la-ia-nos-quita\/#breadcrumb\"},\"inLanguage\":\"en-US\",\"potentialAction\":[{\"@type\":\"ReadAction\",\"target\":[\"https:\/\/sambach.art\/en\/entrevista-a-pol-onate-en-armonia-de-turing-episodio-3-lo-que-la-ia-nos-da-lo-que-la-ia-nos-quita\/\"]}]},{\"@type\":\"ImageObject\",\"inLanguage\":\"en-US\",\"@id\":\"https:\/\/sambach.art\/en\/entrevista-a-pol-onate-en-armonia-de-turing-episodio-3-lo-que-la-ia-nos-da-lo-que-la-ia-nos-quita\/#primaryimage\",\"url\":\"https:\/\/sambach.art\/wp-content\/uploads\/2024\/10\/sambach_compania-espectaculos-conciertos_musica-fusion-folclore-brasileno-bach_barcelona-espana_prensa_armonia-de-turing.png\",\"contentUrl\":\"https:\/\/sambach.art\/wp-content\/uploads\/2024\/10\/sambach_compania-espectaculos-conciertos_musica-fusion-folclore-brasileno-bach_barcelona-espana_prensa_armonia-de-turing.png\",\"width\":2868,\"height\":1562},{\"@type\":\"BreadcrumbList\",\"@id\":\"https:\/\/sambach.art\/en\/entrevista-a-pol-onate-en-armonia-de-turing-episodio-3-lo-que-la-ia-nos-da-lo-que-la-ia-nos-quita\/#breadcrumb\",\"itemListElement\":[{\"@type\":\"ListItem\",\"position\":1,\"name\":\"Portada\",\"item\":\"https:\/\/sambach.art\/en\/home\/\"},{\"@type\":\"ListItem\",\"position\":2,\"name\":\"Entrevista a Pol O\u00f1ate en ArmonIA de Turing &#8211; Episodio 3. Lo que la IA nos da, lo que la IA nos quita.\"}]},{\"@type\":\"WebSite\",\"@id\":\"https:\/\/sambach.art\/#website\",\"url\":\"https:\/\/sambach.art\/\",\"name\":\"Sambach\",\"description\":\"Generamos espect\u00e1culos multisensoriales fusionando el folclore brasilero y Bach\",\"publisher\":{\"@id\":\"https:\/\/sambach.art\/#organization\"},\"potentialAction\":[{\"@type\":\"SearchAction\",\"target\":{\"@type\":\"EntryPoint\",\"urlTemplate\":\"https:\/\/sambach.art\/?s={search_term_string}\"},\"query-input\":{\"@type\":\"PropertyValueSpecification\",\"valueRequired\":true,\"valueName\":\"search_term_string\"}}],\"inLanguage\":\"en-US\"},{\"@type\":\"Organization\",\"@id\":\"https:\/\/sambach.art\/#organization\",\"name\":\"Sambach\",\"url\":\"https:\/\/sambach.art\/\",\"logo\":{\"@type\":\"ImageObject\",\"inLanguage\":\"en-US\",\"@id\":\"https:\/\/sambach.art\/#\/schema\/logo\/image\/\",\"url\":\"https:\/\/sambach.art\/wp-content\/uploads\/2024\/08\/sambach_compania-espectaculos-conciertos_musica-fusion-folclore-brasileno-bach_barcelona-espana_logo.png\",\"contentUrl\":\"https:\/\/sambach.art\/wp-content\/uploads\/2024\/08\/sambach_compania-espectaculos-conciertos_musica-fusion-folclore-brasileno-bach_barcelona-espana_logo.png\",\"width\":1080,\"height\":1080,\"caption\":\"Sambach\"},\"image\":{\"@id\":\"https:\/\/sambach.art\/#\/schema\/logo\/image\/\"},\"sameAs\":[\"https:\/\/www.facebook.com\/sambachritual\/?locale=es_ES\"]},{\"@type\":\"Person\",\"@id\":\"https:\/\/sambach.art\/#\/schema\/person\/e5321c1bde61668a43278d6856043546\",\"name\":\"admin\",\"image\":{\"@type\":\"ImageObject\",\"inLanguage\":\"en-US\",\"@id\":\"https:\/\/sambach.art\/#\/schema\/person\/image\/\",\"url\":\"https:\/\/secure.gravatar.com\/avatar\/f2caef675eef5b673cdf66e64cb161fad4f2788eca500329a063634c8e3de4be?s=96&d=mm&r=g\",\"contentUrl\":\"https:\/\/secure.gravatar.com\/avatar\/f2caef675eef5b673cdf66e64cb161fad4f2788eca500329a063634c8e3de4be?s=96&d=mm&r=g\",\"caption\":\"admin\"},\"sameAs\":[\"https:\/\/sambach.art\"],\"url\":\"https:\/\/sambach.art\/en\/author\/admin_sambach\/\"}]}<\/script>\n<!-- \/ Yoast SEO plugin. -->","yoast_head_json":{"title":"Entrevista a Pol O\u00f1ate en ArmonIA de Turing","description":"Entrevista a Pol O\u00f1ate en ArmonIA de Turing: Lo que la IA nos da, lo que la IA nos quita. Sambach - Generamos espect\u00e1culos interdisciplinarios","robots":{"index":"index","follow":"follow","max-snippet":"max-snippet:-1","max-image-preview":"max-image-preview:large","max-video-preview":"max-video-preview:-1"},"canonical":"https:\/\/sambach.art\/en\/entrevista-a-pol-onate-en-armonia-de-turing-episodio-3-lo-que-la-ia-nos-da-lo-que-la-ia-nos-quita\/","og_locale":"en_US","og_type":"article","og_title":"Entrevista a Pol O\u00f1ate en ArmonIA de Turing","og_description":"Entrevista a Pol O\u00f1ate en ArmonIA de Turing: Lo que la IA nos da, lo que la IA nos quita. Sambach - Generamos espect\u00e1culos interdisciplinarios","og_url":"https:\/\/sambach.art\/en\/entrevista-a-pol-onate-en-armonia-de-turing-episodio-3-lo-que-la-ia-nos-da-lo-que-la-ia-nos-quita\/","og_site_name":"Sambach","article_publisher":"https:\/\/www.facebook.com\/sambachritual\/?locale=es_ES","article_published_time":"2024-10-04T02:42:51+00:00","article_modified_time":"2024-10-18T09:06:44+00:00","og_image":[{"width":2868,"height":1562,"url":"https:\/\/sambach.art\/wp-content\/uploads\/2024\/10\/sambach_compania-espectaculos-conciertos_musica-fusion-folclore-brasileno-bach_barcelona-espana_prensa_armonia-de-turing.png","type":"image\/png"}],"author":"admin","twitter_card":"summary_large_image","twitter_misc":{"Written by":"admin"},"schema":{"@context":"https:\/\/schema.org","@graph":[{"@type":"Article","@id":"https:\/\/sambach.art\/en\/entrevista-a-pol-onate-en-armonia-de-turing-episodio-3-lo-que-la-ia-nos-da-lo-que-la-ia-nos-quita\/#article","isPartOf":{"@id":"https:\/\/sambach.art\/en\/entrevista-a-pol-onate-en-armonia-de-turing-episodio-3-lo-que-la-ia-nos-da-lo-que-la-ia-nos-quita\/"},"author":{"name":"admin","@id":"https:\/\/sambach.art\/#\/schema\/person\/e5321c1bde61668a43278d6856043546"},"headline":"Entrevista a Pol O\u00f1ate en ArmonIA de Turing &#8211; Episodio 3. Lo que la IA nos da, lo que la IA nos quita.","datePublished":"2024-10-04T02:42:51+00:00","dateModified":"2024-10-18T09:06:44+00:00","mainEntityOfPage":{"@id":"https:\/\/sambach.art\/en\/entrevista-a-pol-onate-en-armonia-de-turing-episodio-3-lo-que-la-ia-nos-da-lo-que-la-ia-nos-quita\/"},"wordCount":32,"commentCount":0,"publisher":{"@id":"https:\/\/sambach.art\/#organization"},"image":{"@id":"https:\/\/sambach.art\/en\/entrevista-a-pol-onate-en-armonia-de-turing-episodio-3-lo-que-la-ia-nos-da-lo-que-la-ia-nos-quita\/#primaryimage"},"thumbnailUrl":"https:\/\/sambach.art\/wp-content\/uploads\/2024\/10\/sambach_compania-espectaculos-conciertos_musica-fusion-folclore-brasileno-bach_barcelona-espana_prensa_armonia-de-turing.png","articleSection":["Entrevista"],"inLanguage":"en-US","potentialAction":[{"@type":"CommentAction","name":"Comment","target":["https:\/\/sambach.art\/en\/entrevista-a-pol-onate-en-armonia-de-turing-episodio-3-lo-que-la-ia-nos-da-lo-que-la-ia-nos-quita\/#respond"]}]},{"@type":"WebPage","@id":"https:\/\/sambach.art\/en\/entrevista-a-pol-onate-en-armonia-de-turing-episodio-3-lo-que-la-ia-nos-da-lo-que-la-ia-nos-quita\/","url":"https:\/\/sambach.art\/en\/entrevista-a-pol-onate-en-armonia-de-turing-episodio-3-lo-que-la-ia-nos-da-lo-que-la-ia-nos-quita\/","name":"Entrevista a Pol O\u00f1ate en ArmonIA de Turing","isPartOf":{"@id":"https:\/\/sambach.art\/#website"},"primaryImageOfPage":{"@id":"https:\/\/sambach.art\/en\/entrevista-a-pol-onate-en-armonia-de-turing-episodio-3-lo-que-la-ia-nos-da-lo-que-la-ia-nos-quita\/#primaryimage"},"image":{"@id":"https:\/\/sambach.art\/en\/entrevista-a-pol-onate-en-armonia-de-turing-episodio-3-lo-que-la-ia-nos-da-lo-que-la-ia-nos-quita\/#primaryimage"},"thumbnailUrl":"https:\/\/sambach.art\/wp-content\/uploads\/2024\/10\/sambach_compania-espectaculos-conciertos_musica-fusion-folclore-brasileno-bach_barcelona-espana_prensa_armonia-de-turing.png","datePublished":"2024-10-04T02:42:51+00:00","dateModified":"2024-10-18T09:06:44+00:00","description":"Entrevista a Pol O\u00f1ate en ArmonIA de Turing: Lo que la IA nos da, lo que la IA nos quita. Sambach - Generamos espect\u00e1culos interdisciplinarios","breadcrumb":{"@id":"https:\/\/sambach.art\/en\/entrevista-a-pol-onate-en-armonia-de-turing-episodio-3-lo-que-la-ia-nos-da-lo-que-la-ia-nos-quita\/#breadcrumb"},"inLanguage":"en-US","potentialAction":[{"@type":"ReadAction","target":["https:\/\/sambach.art\/en\/entrevista-a-pol-onate-en-armonia-de-turing-episodio-3-lo-que-la-ia-nos-da-lo-que-la-ia-nos-quita\/"]}]},{"@type":"ImageObject","inLanguage":"en-US","@id":"https:\/\/sambach.art\/en\/entrevista-a-pol-onate-en-armonia-de-turing-episodio-3-lo-que-la-ia-nos-da-lo-que-la-ia-nos-quita\/#primaryimage","url":"https:\/\/sambach.art\/wp-content\/uploads\/2024\/10\/sambach_compania-espectaculos-conciertos_musica-fusion-folclore-brasileno-bach_barcelona-espana_prensa_armonia-de-turing.png","contentUrl":"https:\/\/sambach.art\/wp-content\/uploads\/2024\/10\/sambach_compania-espectaculos-conciertos_musica-fusion-folclore-brasileno-bach_barcelona-espana_prensa_armonia-de-turing.png","width":2868,"height":1562},{"@type":"BreadcrumbList","@id":"https:\/\/sambach.art\/en\/entrevista-a-pol-onate-en-armonia-de-turing-episodio-3-lo-que-la-ia-nos-da-lo-que-la-ia-nos-quita\/#breadcrumb","itemListElement":[{"@type":"ListItem","position":1,"name":"Portada","item":"https:\/\/sambach.art\/en\/home\/"},{"@type":"ListItem","position":2,"name":"Entrevista a Pol O\u00f1ate en ArmonIA de Turing &#8211; Episodio 3. Lo que la IA nos da, lo que la IA nos quita."}]},{"@type":"WebSite","@id":"https:\/\/sambach.art\/#website","url":"https:\/\/sambach.art\/","name":"Sambach","description":"Generamos espect\u00e1culos multisensoriales fusionando el folclore brasilero y Bach","publisher":{"@id":"https:\/\/sambach.art\/#organization"},"potentialAction":[{"@type":"SearchAction","target":{"@type":"EntryPoint","urlTemplate":"https:\/\/sambach.art\/?s={search_term_string}"},"query-input":{"@type":"PropertyValueSpecification","valueRequired":true,"valueName":"search_term_string"}}],"inLanguage":"en-US"},{"@type":"Organization","@id":"https:\/\/sambach.art\/#organization","name":"Sambach","url":"https:\/\/sambach.art\/","logo":{"@type":"ImageObject","inLanguage":"en-US","@id":"https:\/\/sambach.art\/#\/schema\/logo\/image\/","url":"https:\/\/sambach.art\/wp-content\/uploads\/2024\/08\/sambach_compania-espectaculos-conciertos_musica-fusion-folclore-brasileno-bach_barcelona-espana_logo.png","contentUrl":"https:\/\/sambach.art\/wp-content\/uploads\/2024\/08\/sambach_compania-espectaculos-conciertos_musica-fusion-folclore-brasileno-bach_barcelona-espana_logo.png","width":1080,"height":1080,"caption":"Sambach"},"image":{"@id":"https:\/\/sambach.art\/#\/schema\/logo\/image\/"},"sameAs":["https:\/\/www.facebook.com\/sambachritual\/?locale=es_ES"]},{"@type":"Person","@id":"https:\/\/sambach.art\/#\/schema\/person\/e5321c1bde61668a43278d6856043546","name":"admin","image":{"@type":"ImageObject","inLanguage":"en-US","@id":"https:\/\/sambach.art\/#\/schema\/person\/image\/","url":"https:\/\/secure.gravatar.com\/avatar\/f2caef675eef5b673cdf66e64cb161fad4f2788eca500329a063634c8e3de4be?s=96&d=mm&r=g","contentUrl":"https:\/\/secure.gravatar.com\/avatar\/f2caef675eef5b673cdf66e64cb161fad4f2788eca500329a063634c8e3de4be?s=96&d=mm&r=g","caption":"admin"},"sameAs":["https:\/\/sambach.art"],"url":"https:\/\/sambach.art\/en\/author\/admin_sambach\/"}]}},"_links":{"self":[{"href":"https:\/\/sambach.art\/en\/wp-json\/wp\/v2\/posts\/860","targetHints":{"allow":["GET"]}}],"collection":[{"href":"https:\/\/sambach.art\/en\/wp-json\/wp\/v2\/posts"}],"about":[{"href":"https:\/\/sambach.art\/en\/wp-json\/wp\/v2\/types\/post"}],"author":[{"embeddable":true,"href":"https:\/\/sambach.art\/en\/wp-json\/wp\/v2\/users\/1"}],"replies":[{"embeddable":true,"href":"https:\/\/sambach.art\/en\/wp-json\/wp\/v2\/comments?post=860"}],"version-history":[{"count":1,"href":"https:\/\/sambach.art\/en\/wp-json\/wp\/v2\/posts\/860\/revisions"}],"predecessor-version":[{"id":861,"href":"https:\/\/sambach.art\/en\/wp-json\/wp\/v2\/posts\/860\/revisions\/861"}],"wp:featuredmedia":[{"embeddable":true,"href":"https:\/\/sambach.art\/en\/wp-json\/wp\/v2\/media\/594"}],"wp:attachment":[{"href":"https:\/\/sambach.art\/en\/wp-json\/wp\/v2\/media?parent=860"}],"wp:term":[{"taxonomy":"category","embeddable":true,"href":"https:\/\/sambach.art\/en\/wp-json\/wp\/v2\/categories?post=860"},{"taxonomy":"post_tag","embeddable":true,"href":"https:\/\/sambach.art\/en\/wp-json\/wp\/v2\/tags?post=860"}],"curies":[{"name":"wp","href":"https:\/\/api.w.org\/{rel}","templated":true}]}}